{"id":2144,"date":"2026-01-14T13:46:05","date_gmt":"2026-01-14T16:46:05","guid":{"rendered":"https:\/\/feiradiferente.com.br\/?p=2144"},"modified":"2026-01-14T13:46:06","modified_gmt":"2026-01-14T16:46:06","slug":"prefeitura-autoriza-retomada-e-conclusao-da-maior-creche-de-feira-de-santana","status":"publish","type":"post","link":"https:\/\/feiradiferente.com.br\/index.php\/2026\/01\/14\/prefeitura-autoriza-retomada-e-conclusao-da-maior-creche-de-feira-de-santana\/","title":{"rendered":"Prefeitura autoriza retomada e conclus\u00e3o da maior creche de Feira de Santana"},"content":{"rendered":"\n<p>A Prefeitura de Feira de Santana assinou, nesta quarta-feira (14), a Ordem de Servi\u00e7o para a conclus\u00e3o da constru\u00e7\u00e3o da maior creche de educa\u00e7\u00e3o infantil do munic\u00edpio. A nova unidade ser\u00e1 localizada na Rua Campos do Jord\u00e3o, no conjunto S\u00edtio Matias, e contar\u00e1 com um investimento superior a R$ 3 milh\u00f5es.<\/p>\n\n\n\n<p>A cerim\u00f4nia contou com a presen\u00e7a do prefeito Jos\u00e9 Ronaldo, do vice-prefeito e secret\u00e1rio municipal de Educa\u00e7\u00e3o, Pablo Roberto, al\u00e9m de outras autoridades municipais. Segundo o prefeito, a previs\u00e3o \u00e9 de que a obra seja executada no prazo de at\u00e9 um ano e atenda \u00e0 demanda de grande parte da regi\u00e3o.<\/p>\n\n\n\n<p>A constru\u00e7\u00e3o da creche estava paralisada h\u00e1 algum tempo. Ainda em uma gest\u00e3o anterior do prefeito Jos\u00e9 Ronaldo, em 2017, a Ordem de Servi\u00e7o j\u00e1 havia sido assinada. Agora, o projeto foi retomado e est\u00e1 sendo executado pela empresa Clap Constru\u00e7\u00f5es Ltda.<\/p>\n\n\n\n<p>De acordo com o gestor municipal, a unidade ter\u00e1 capacidade para mais de 300 crian\u00e7as, suprindo uma car\u00eancia hist\u00f3rica por vagas de creche na localidade.<\/p>\n\n\n\n<blockquote class=\"wp-block-quote\">\n<p>\u201cS\u00e3o mais de 300 vagas de creche aqui nessa regi\u00e3o. \u00c9 uma obra muito importante. Essa regi\u00e3o tem uma car\u00eancia muito grande para vagas de creche. A unidade fica em frente a um conjunto do Minha Casa Minha Vida e atende \u00e1reas como Feira VII, Liberdade e S\u00edtio Matias. \u00c9 uma regi\u00e3o estrat\u00e9gica e com grande necessidade de matr\u00edculas\u201d, destacou o prefeito.<\/p>\n<\/blockquote>\n\n\n\n<p>Jos\u00e9 Ronaldo ressaltou ainda que a creche ser\u00e1 de grande porte, sendo a maior j\u00e1 constru\u00edda no munic\u00edpio.<\/p>\n\n\n\n<p>Durante o evento, o prefeito tamb\u00e9m comentou sobre a municipaliza\u00e7\u00e3o de escolas estaduais em Feira de Santana, tema que tem gerado questionamentos por parte de pais e respons\u00e1veis, a exemplo do Col\u00e9gio Estadual Eduardo Fr\u00f3es da Mota.<\/p>\n\n\n\n<p>Segundo ele, atualmente a rede municipal de ensino conta com 210 escolas em funcionamento, n\u00famero que supera mais que o triplo das unidades mantidas pelo Estado na cidade.<\/p>\n\n\n\n<blockquote class=\"wp-block-quote\">\n<p>\u201cMuitas escolas que antes eram administradas pelo Estado passaram para a responsabilidade do munic\u00edpio. Hoje, a rede municipal de ensino possui 210 escolas, todas mantidas com recursos pr\u00f3prios de Feira de Santana e, mod\u00e9stia \u00e0 parte, muito bem mantidas\u201d, afirmou.<\/p>\n<\/blockquote>\n\n\n\n<p>A nova creche representa um importante avan\u00e7o para a educa\u00e7\u00e3o infantil do munic\u00edpio, ampliando o acesso e fortalecendo a rede p\u00fablica de ensino em \u00e1reas de maior demanda.<\/p>\n","protected":false},"excerpt":{"rendered":"<p>A Prefeitura de Feira de Santana assinou, nesta quarta-feira (14), a Ordem de Servi\u00e7o para a conclus\u00e3o da constru\u00e7\u00e3o da maior creche de educa\u00e7\u00e3o infantil do munic\u00edpio. A nova unidade ser\u00e1 localizada na Rua Campos do Jord\u00e3o, no conjunto S\u00edtio Matias, e contar\u00e1 com um investimento superior a R$ 3 milh\u00f5es. A cerim\u00f4nia contou com a presen\u00e7a do prefeito Jos\u00e9 Ronaldo, do vice-prefeito e secret\u00e1rio municipal de Educa\u00e7\u00e3o, Pablo Roberto, al\u00e9m de outras autoridades municipais. Segundo o prefeito, a previs\u00e3o \u00e9 de que a obra seja executada no prazo de at\u00e9 um ano e atenda \u00e0 demanda de grande parte da regi\u00e3o. A constru\u00e7\u00e3o da creche estava paralisada h\u00e1 algum tempo. Ainda em uma gest\u00e3o anterior do prefeito Jos\u00e9 Ronaldo, em 2017, a Ordem de Servi\u00e7o j\u00e1 havia sido assinada. Agora, o projeto foi retomado e est\u00e1 sendo executado pela empresa Clap Constru\u00e7\u00f5es Ltda. De acordo com o gestor municipal, a unidade ter\u00e1 capacidade para mais de 300 crian\u00e7as, suprindo uma car\u00eancia hist\u00f3rica por vagas de creche na localidade. \u201cS\u00e3o mais de 300 vagas de creche aqui nessa regi\u00e3o. \u00c9 uma obra muito importante. Essa regi\u00e3o tem uma car\u00eancia muito grande para vagas de creche. A unidade fica em frente a um conjunto do Minha Casa Minha Vida e atende \u00e1reas como Feira VII, Liberdade e S\u00edtio Matias. \u00c9 uma regi\u00e3o estrat\u00e9gica e com grande necessidade de matr\u00edculas\u201d, destacou o prefeito. Jos\u00e9 Ronaldo ressaltou ainda que a creche ser\u00e1 de grande porte, sendo a maior j\u00e1 constru\u00edda no munic\u00edpio. Durante o evento, o prefeito tamb\u00e9m comentou sobre a municipaliza\u00e7\u00e3o de escolas estaduais em Feira de Santana, tema que tem gerado questionamentos por parte de pais e respons\u00e1veis, a exemplo do Col\u00e9gio Estadual Eduardo Fr\u00f3es da Mota. Segundo ele, atualmente a rede municipal de ensino conta com 210 escolas em funcionamento, n\u00famero que supera mais que o triplo das unidades mantidas pelo Estado na cidade. \u201cMuitas escolas que antes eram administradas pelo Estado passaram para a responsabilidade do munic\u00edpio. Hoje, a rede municipal de ensino possui 210 escolas, todas mantidas com recursos pr\u00f3prios de Feira de Santana e, mod\u00e9stia \u00e0 parte, muito bem mantidas\u201d, afirmou. A nova creche representa um importante avan\u00e7o para a educa\u00e7\u00e3o infantil do munic\u00edpio, ampliando o acesso e fortalecendo a rede p\u00fablica de ensino em \u00e1reas de maior demanda.<\/p>\n","protected":false},"author":1,"featured_media":2145,"comment_status":"open","ping_status":"open","sticky":true,"template":"","format":"standard","meta":{"footnotes":""},"categories":[1,31],"tags":[35,87,33,46,36],"_links":{"self":[{"href":"https:\/\/feiradiferente.com.br\/index.php\/wp-json\/wp\/v2\/posts\/2144"}],"collection":[{"href":"https:\/\/feiradiferente.com.br\/index.php\/wp-json\/wp\/v2\/posts"}],"about":[{"href":"https:\/\/feiradiferente.com.br\/index.php\/wp-json\/wp\/v2\/types\/post"}],"author":[{"embeddable":true,"href":"https:\/\/feiradiferente.com.br\/index.php\/wp-json\/wp\/v2\/users\/1"}],"replies":[{"embeddable":true,"href":"https:\/\/feiradiferente.com.br\/index.php\/wp-json\/wp\/v2\/comments?post=2144"}],"version-history":[{"count":1,"href":"https:\/\/feiradiferente.com.br\/index.php\/wp-json\/wp\/v2\/posts\/2144\/revisions"}],"predecessor-version":[{"id":2146,"href":"https:\/\/feiradiferente.com.br\/index.php\/wp-json\/wp\/v2\/posts\/2144\/revisions\/2146"}],"wp:featuredmedia":[{"embeddable":true,"href":"https:\/\/feiradiferente.com.br\/index.php\/wp-json\/wp\/v2\/media\/2145"}],"wp:attachment":[{"href":"https:\/\/feiradiferente.com.br\/index.php\/wp-json\/wp\/v2\/media?parent=2144"}],"wp:term":[{"taxonomy":"category","embeddable":true,"href":"https:\/\/feiradiferente.com.br\/index.php\/wp-json\/wp\/v2\/categories?post=2144"},{"taxonomy":"post_tag","embeddable":true,"href":"https:\/\/feiradiferente.com.br\/index.php\/wp-json\/wp\/v2\/tags?post=2144"}],"curies":[{"name":"wp","href":"https:\/\/api.w.org\/{rel}","templated":true}]}}