{"id":2147,"date":"2026-01-14T13:50:39","date_gmt":"2026-01-14T16:50:39","guid":{"rendered":"https:\/\/feiradiferente.com.br\/?p=2147"},"modified":"2026-01-14T13:50:39","modified_gmt":"2026-01-14T16:50:39","slug":"comandante-da-pm-reforca-atuacao-ostensiva-e-defende-cumprimento-rigoroso-das-leis-em-feira-de-santana","status":"publish","type":"post","link":"https:\/\/feiradiferente.com.br\/index.php\/2026\/01\/14\/comandante-da-pm-reforca-atuacao-ostensiva-e-defende-cumprimento-rigoroso-das-leis-em-feira-de-santana\/","title":{"rendered":"Comandante da PM refor\u00e7a atua\u00e7\u00e3o ostensiva e defende cumprimento rigoroso das leis em Feira de Santana"},"content":{"rendered":"\n<p>O comandante do Comando de Policiamento Regional Leste (CPR-L), coronel Michel M\u00fcller, destacou a import\u00e2ncia do trabalho ostensivo da Pol\u00edcia Militar em Feira de Santana e chamou a aten\u00e7\u00e3o para a necessidade de maior conscientiza\u00e7\u00e3o da popula\u00e7\u00e3o quanto ao cumprimento das leis. Em entrevista, o oficial abordou, entre outros pontos, o problema da reincid\u00eancia criminal e os impactos da legisla\u00e7\u00e3o penal na seguran\u00e7a p\u00fablica.<\/p>\n\n\n\n<p>Segundo o coronel, a pr\u00e1tica de novos crimes por indiv\u00edduos que j\u00e1 foram condenados revela fragilidades no sistema penal brasileiro. Para ele, a excessiva permissividade da legisla\u00e7\u00e3o contribui para a repeti\u00e7\u00e3o de delitos e dificulta o trabalho das for\u00e7as de seguran\u00e7a.<\/p>\n\n\n\n<p>O comandante citou, como exemplo, as chamadas \u201csaidinhas\u201d, benef\u00edcio concedido a presos em determinados per\u00edodos, ressaltando que parte dos beneficiados n\u00e3o retorna para cumprir suas penas. De acordo com M\u00fcller, esse cen\u00e1rio compromete princ\u00edpios fundamentais do sistema penal, como a retribui\u00e7\u00e3o da pena e a ressocializa\u00e7\u00e3o.<\/p>\n\n\n\n<blockquote class=\"wp-block-quote\">\n<p>\u201cH\u00e1 uma permissividade muito grande na legisla\u00e7\u00e3o penal e processual penal. Esses mecanismos n\u00e3o t\u00eam surtido o efeito esperado e acabam refletindo diretamente no trabalho das pol\u00edcias nas ruas, que est\u00e3o diariamente entregando seguran\u00e7a \u00e0 casa do cidad\u00e3o\u201d, afirmou.<\/p>\n<\/blockquote>\n\n\n\n<p>O coronel tamb\u00e9m destacou que a Pol\u00edcia Militar \u00e9 o servi\u00e7o p\u00fablico mais pr\u00f3ximo da popula\u00e7\u00e3o. Em Feira de Santana, a corpora\u00e7\u00e3o conta atualmente com cerca de 1.800 policiais e 60 viaturas em opera\u00e7\u00e3o. Em situa\u00e7\u00f5es espec\u00edficas, esse n\u00famero pode ser ampliado, chegando a aproximadamente 80 viaturas circulando simultaneamente na cidade.<\/p>\n\n\n\n<p>Apesar disso, o comandante enfatizou que a seguran\u00e7a p\u00fablica n\u00e3o depende apenas do aumento do policiamento, mas tamb\u00e9m do envolvimento da sociedade como um todo. Para ele, o respeito \u00e0s leis deve ser um compromisso coletivo.<\/p>\n\n\n\n<blockquote class=\"wp-block-quote\">\n<p>\u201cPrecisamos cumprir as regras. N\u00e3o \u00e9 apenas fulano ou beltrano. Todos devem seguir as leis, como se espera no pleno exerc\u00edcio da cidadania\u201d, ressaltou.<\/p>\n<\/blockquote>\n\n\n\n<p>O coronel tamb\u00e9m comentou os epis\u00f3dios de viol\u00eancia registrados no segundo final de semana de 2026, quando seis pessoas foram assassinadas em Feira de Santana. Embora as investiga\u00e7\u00f5es sejam de responsabilidade da Pol\u00edcia Civil, M\u00fcller destacou a import\u00e2ncia da atua\u00e7\u00e3o integrada entre as for\u00e7as de seguran\u00e7a e outras institui\u00e7\u00f5es.<\/p>\n\n\n\n<p>Segundo ele, a realiza\u00e7\u00e3o de festas irregulares, especialmente eventos com pared\u00f5es de som, tem contribu\u00eddo para o aumento de ocorr\u00eancias. O comandante lembrou que esse tipo de evento \u00e9 proibido no munic\u00edpio por lei municipal.<\/p>\n\n\n\n<blockquote class=\"wp-block-quote\">\n<p>\u201cN\u00e3o existe mais espa\u00e7o para festas sem autoriza\u00e7\u00e3o, nem para eventos com pared\u00e3o, que \u00e9 proibido em Feira de Santana. Essa n\u00e3o \u00e9 uma regra criada pela Pol\u00edcia Militar, mas uma lei vigente\u201d, afirmou.<\/p>\n<\/blockquote>\n\n\n\n<p>Por fim, o comandante refor\u00e7ou que o enfrentamento da viol\u00eancia exige um debate amplo e respons\u00e1vel sobre a cidade, envolvendo poder p\u00fablico, institui\u00e7\u00f5es e cidad\u00e3os.<\/p>\n\n\n\n<blockquote class=\"wp-block-quote\">\n<p>\u201cO problema n\u00e3o se resume \u00e0 quantidade de viaturas nas ruas. Precisamos discutir Feira de Santana de forma coletiva, buscando solu\u00e7\u00f5es que promovam as transforma\u00e7\u00f5es que a cidade precisa\u201d, concluiu.<\/p>\n<\/blockquote>\n","protected":false},"excerpt":{"rendered":"<p>O comandante do Comando de Policiamento Regional Leste (CPR-L), coronel Michel M\u00fcller, destacou a import\u00e2ncia do trabalho ostensivo da Pol\u00edcia Militar em Feira de Santana e chamou a aten\u00e7\u00e3o para a necessidade de maior conscientiza\u00e7\u00e3o da popula\u00e7\u00e3o quanto ao cumprimento das leis. Em entrevista, o oficial abordou, entre outros pontos, o problema da reincid\u00eancia criminal e os impactos da legisla\u00e7\u00e3o penal na seguran\u00e7a p\u00fablica. Segundo o coronel, a pr\u00e1tica de novos crimes por indiv\u00edduos que j\u00e1 foram condenados revela fragilidades no sistema penal brasileiro. Para ele, a excessiva permissividade da legisla\u00e7\u00e3o contribui para a repeti\u00e7\u00e3o de delitos e dificulta o trabalho das for\u00e7as de seguran\u00e7a. O comandante citou, como exemplo, as chamadas \u201csaidinhas\u201d, benef\u00edcio concedido a presos em determinados per\u00edodos, ressaltando que parte dos beneficiados n\u00e3o retorna para cumprir suas penas. De acordo com M\u00fcller, esse cen\u00e1rio compromete princ\u00edpios fundamentais do sistema penal, como a retribui\u00e7\u00e3o da pena e a ressocializa\u00e7\u00e3o. \u201cH\u00e1 uma permissividade muito grande na legisla\u00e7\u00e3o penal e processual penal. Esses mecanismos n\u00e3o t\u00eam surtido o efeito esperado e acabam refletindo diretamente no trabalho das pol\u00edcias nas ruas, que est\u00e3o diariamente entregando seguran\u00e7a \u00e0 casa do cidad\u00e3o\u201d, afirmou. O coronel tamb\u00e9m destacou que a Pol\u00edcia Militar \u00e9 o servi\u00e7o p\u00fablico mais pr\u00f3ximo da popula\u00e7\u00e3o. Em Feira de Santana, a corpora\u00e7\u00e3o conta atualmente com cerca de 1.800 policiais e 60 viaturas em opera\u00e7\u00e3o. Em situa\u00e7\u00f5es espec\u00edficas, esse n\u00famero pode ser ampliado, chegando a aproximadamente 80 viaturas circulando simultaneamente na cidade. Apesar disso, o comandante enfatizou que a seguran\u00e7a p\u00fablica n\u00e3o depende apenas do aumento do policiamento, mas tamb\u00e9m do envolvimento da sociedade como um todo. Para ele, o respeito \u00e0s leis deve ser um compromisso coletivo. \u201cPrecisamos cumprir as regras. N\u00e3o \u00e9 apenas fulano ou beltrano. Todos devem seguir as leis, como se espera no pleno exerc\u00edcio da cidadania\u201d, ressaltou. O coronel tamb\u00e9m comentou os epis\u00f3dios de viol\u00eancia registrados no segundo final de semana de 2026, quando seis pessoas foram assassinadas em Feira de Santana. Embora as investiga\u00e7\u00f5es sejam de responsabilidade da Pol\u00edcia Civil, M\u00fcller destacou a import\u00e2ncia da atua\u00e7\u00e3o integrada entre as for\u00e7as de seguran\u00e7a e outras institui\u00e7\u00f5es. Segundo ele, a realiza\u00e7\u00e3o de festas irregulares, especialmente eventos com pared\u00f5es de som, tem contribu\u00eddo para o aumento de ocorr\u00eancias. O comandante lembrou que esse tipo de evento \u00e9 proibido no munic\u00edpio por lei municipal. \u201cN\u00e3o existe mais espa\u00e7o para festas sem autoriza\u00e7\u00e3o, nem para eventos com pared\u00e3o, que \u00e9 proibido em Feira de Santana. Essa n\u00e3o \u00e9 uma regra criada pela Pol\u00edcia Militar, mas uma lei vigente\u201d, afirmou. Por fim, o comandante refor\u00e7ou que o enfrentamento da viol\u00eancia exige um debate amplo e respons\u00e1vel sobre a cidade, envolvendo poder p\u00fablico, institui\u00e7\u00f5es e cidad\u00e3os. \u201cO problema n\u00e3o se resume \u00e0 quantidade de viaturas nas ruas. Precisamos discutir Feira de Santana de forma coletiva, buscando solu\u00e7\u00f5es que promovam as transforma\u00e7\u00f5es que a cidade precisa\u201d, concluiu.<\/p>\n","protected":false},"author":1,"featured_media":2148,"comment_status":"open","ping_status":"open","sticky":true,"template":"","format":"standard","meta":{"footnotes":""},"categories":[1,31],"tags":[35,33,46,73,36,47],"_links":{"self":[{"href":"https:\/\/feiradiferente.com.br\/index.php\/wp-json\/wp\/v2\/posts\/2147"}],"collection":[{"href":"https:\/\/feiradiferente.com.br\/index.php\/wp-json\/wp\/v2\/posts"}],"about":[{"href":"https:\/\/feiradiferente.com.br\/index.php\/wp-json\/wp\/v2\/types\/post"}],"author":[{"embeddable":true,"href":"https:\/\/feiradiferente.com.br\/index.php\/wp-json\/wp\/v2\/users\/1"}],"replies":[{"embeddable":true,"href":"https:\/\/feiradiferente.com.br\/index.php\/wp-json\/wp\/v2\/comments?post=2147"}],"version-history":[{"count":1,"href":"https:\/\/feiradiferente.com.br\/index.php\/wp-json\/wp\/v2\/posts\/2147\/revisions"}],"predecessor-version":[{"id":2149,"href":"https:\/\/feiradiferente.com.br\/index.php\/wp-json\/wp\/v2\/posts\/2147\/revisions\/2149"}],"wp:featuredmedia":[{"embeddable":true,"href":"https:\/\/feiradiferente.com.br\/index.php\/wp-json\/wp\/v2\/media\/2148"}],"wp:attachment":[{"href":"https:\/\/feiradiferente.com.br\/index.php\/wp-json\/wp\/v2\/media?parent=2147"}],"wp:term":[{"taxonomy":"category","embeddable":true,"href":"https:\/\/feiradiferente.com.br\/index.php\/wp-json\/wp\/v2\/categories?post=2147"},{"taxonomy":"post_tag","embeddable":true,"href":"https:\/\/feiradiferente.com.br\/index.php\/wp-json\/wp\/v2\/tags?post=2147"}],"curies":[{"name":"wp","href":"https:\/\/api.w.org\/{rel}","templated":true}]}}