{"id":2269,"date":"2026-04-28T16:09:11","date_gmt":"2026-04-28T19:09:11","guid":{"rendered":"https:\/\/feiradiferente.com.br\/?p=2269"},"modified":"2026-04-28T16:09:12","modified_gmt":"2026-04-28T19:09:12","slug":"estudante-e-preso-em-anguera-durante-operacao-nacional-de-combate-a-exploracao-sexual-infantil","status":"publish","type":"post","link":"https:\/\/feiradiferente.com.br\/index.php\/2026\/04\/28\/estudante-e-preso-em-anguera-durante-operacao-nacional-de-combate-a-exploracao-sexual-infantil\/","title":{"rendered":"Estudante \u00e9 preso em Anguera durante opera\u00e7\u00e3o nacional de combate \u00e0 explora\u00e7\u00e3o sexual infantil"},"content":{"rendered":"\n<p>Um estudante de 23 anos foi preso em flagrante na manh\u00e3 desta ter\u00e7a-feira (28), no munic\u00edpio de Anguera, interior da Bahia, sob suspeita de armazenar imagens e v\u00eddeos contendo abuso sexual de crian\u00e7as e adolescentes. A a\u00e7\u00e3o ocorreu durante uma opera\u00e7\u00e3o nacional de combate \u00e0 explora\u00e7\u00e3o sexual infantil.<\/p>\n\n\n\n<p>De acordo com informa\u00e7\u00f5es da Pol\u00edcia Federal (PF), al\u00e9m da pris\u00e3o, foram cumpridos dois mandados de busca e apreens\u00e3o na cidade. Durante as dilig\u00eancias, um aparelho celular e um notebook foram apreendidos. As ordens judiciais foram expedidas pela Justi\u00e7a Federal de Feira de Santana.<\/p>\n\n\n\n<p>A a\u00e7\u00e3o integra a <strong>Opera\u00e7\u00e3o Nacional Prote\u00e7\u00e3o Integral IV<\/strong>, coordenada pela PF e realizada simultaneamente em todos os estados brasileiros e no Distrito Federal. Em todo o pa\u00eds, est\u00e3o sendo cumpridos 159 mandados de busca e apreens\u00e3o e 16 de pris\u00e3o preventiva.<\/p>\n\n\n\n<p>Segundo a PF, a mobiliza\u00e7\u00e3o tamb\u00e9m faz parte de um esfor\u00e7o internacional denominado <strong>Opera\u00e7\u00e3o Internacional Aliados pela Inf\u00e2ncia VI<\/strong>, voltado ao combate de crimes transnacionais que violam a dignidade sexual de crian\u00e7as e adolescentes.<\/p>\n\n\n\n<p>Ainda conforme a corpora\u00e7\u00e3o, somente neste ano j\u00e1 foram cumpridos ao menos 450 mandados de pris\u00e3o de foragidos por crimes sexuais no Brasil.<\/p>\n\n\n\n<p>A opera\u00e7\u00e3o internacional conta com a participa\u00e7\u00e3o de diversos pa\u00edses, entre eles Argentina, Col\u00f4mbia, Costa Rica, El Salvador, Espanha, Fran\u00e7a, Guatemala, Honduras, M\u00e9xico, Panam\u00e1, Paraguai, Peru, Porto Rico, Rep\u00fablica Dominicana e Uruguai.<\/p>\n\n\n\n<p>At\u00e9 a \u00faltima atualiza\u00e7\u00e3o, foram cumpridos 269 mandados no \u00e2mbito da opera\u00e7\u00e3o internacional, evidenciando a amplitude da a\u00e7\u00e3o e o n\u00edvel de coopera\u00e7\u00e3o entre os pa\u00edses envolvidos.<\/p>\n\n\n\n<p><strong>Detalhamento por pa\u00eds:<\/strong><\/p>\n\n\n\n<ul>\n<li>Brasil: 175 mandados<\/li>\n\n\n\n<li>Argentina: 68 mandados<\/li>\n\n\n\n<li>Panam\u00e1: 7 mandados<\/li>\n\n\n\n<li>Paraguai: 5 mandados<\/li>\n\n\n\n<li>Costa Rica: 4 mandados<\/li>\n\n\n\n<li>Porto Rico e Honduras: 1 mandado cada<\/li>\n\n\n\n<li>Peru: 3 mandados<\/li>\n\n\n\n<li>Uruguai e Guatemala: 5 mandados cada<\/li>\n\n\n\n<li>Rep\u00fablica Dominicana: 7 mandados<\/li>\n\n\n\n<li>Espanha: 3 mandados<\/li>\n\n\n\n<li>Fran\u00e7a: 1 mandado<\/li>\n<\/ul>\n\n\n\n<p>As investiga\u00e7\u00f5es seguem em andamento, e os materiais apreendidos ser\u00e3o analisados pelas autoridades competentes.<\/p>\n","protected":false},"excerpt":{"rendered":"<p>Um estudante de 23 anos foi preso em flagrante na manh\u00e3 desta ter\u00e7a-feira (28), no munic\u00edpio de Anguera, interior da Bahia, sob suspeita de armazenar imagens e v\u00eddeos contendo abuso sexual de crian\u00e7as e adolescentes. A a\u00e7\u00e3o ocorreu durante uma opera\u00e7\u00e3o nacional de combate \u00e0 explora\u00e7\u00e3o sexual infantil. De acordo com informa\u00e7\u00f5es da Pol\u00edcia Federal (PF), al\u00e9m da pris\u00e3o, foram cumpridos dois mandados de busca e apreens\u00e3o na cidade. Durante as dilig\u00eancias, um aparelho celular e um notebook foram apreendidos. As ordens judiciais foram expedidas pela Justi\u00e7a Federal de Feira de Santana. A a\u00e7\u00e3o integra a Opera\u00e7\u00e3o Nacional Prote\u00e7\u00e3o Integral IV, coordenada pela PF e realizada simultaneamente em todos os estados brasileiros e no Distrito Federal. Em todo o pa\u00eds, est\u00e3o sendo cumpridos 159 mandados de busca e apreens\u00e3o e 16 de pris\u00e3o preventiva. Segundo a PF, a mobiliza\u00e7\u00e3o tamb\u00e9m faz parte de um esfor\u00e7o internacional denominado Opera\u00e7\u00e3o Internacional Aliados pela Inf\u00e2ncia VI, voltado ao combate de crimes transnacionais que violam a dignidade sexual de crian\u00e7as e adolescentes. Ainda conforme a corpora\u00e7\u00e3o, somente neste ano j\u00e1 foram cumpridos ao menos 450 mandados de pris\u00e3o de foragidos por crimes sexuais no Brasil. A opera\u00e7\u00e3o internacional conta com a participa\u00e7\u00e3o de diversos pa\u00edses, entre eles Argentina, Col\u00f4mbia, Costa Rica, El Salvador, Espanha, Fran\u00e7a, Guatemala, Honduras, M\u00e9xico, Panam\u00e1, Paraguai, Peru, Porto Rico, Rep\u00fablica Dominicana e Uruguai. At\u00e9 a \u00faltima atualiza\u00e7\u00e3o, foram cumpridos 269 mandados no \u00e2mbito da opera\u00e7\u00e3o internacional, evidenciando a amplitude da a\u00e7\u00e3o e o n\u00edvel de coopera\u00e7\u00e3o entre os pa\u00edses envolvidos. Detalhamento por pa\u00eds: As investiga\u00e7\u00f5es seguem em andamento, e os materiais apreendidos ser\u00e3o analisados pelas autoridades competentes.<\/p>\n","protected":false},"author":1,"featured_media":2270,"comment_status":"open","ping_status":"open","sticky":true,"template":"","format":"standard","meta":{"footnotes":""},"categories":[1,31],"tags":[35,33,46,73,36],"_links":{"self":[{"href":"https:\/\/feiradiferente.com.br\/index.php\/wp-json\/wp\/v2\/posts\/2269"}],"collection":[{"href":"https:\/\/feiradiferente.com.br\/index.php\/wp-json\/wp\/v2\/posts"}],"about":[{"href":"https:\/\/feiradiferente.com.br\/index.php\/wp-json\/wp\/v2\/types\/post"}],"author":[{"embeddable":true,"href":"https:\/\/feiradiferente.com.br\/index.php\/wp-json\/wp\/v2\/users\/1"}],"replies":[{"embeddable":true,"href":"https:\/\/feiradiferente.com.br\/index.php\/wp-json\/wp\/v2\/comments?post=2269"}],"version-history":[{"count":1,"href":"https:\/\/feiradiferente.com.br\/index.php\/wp-json\/wp\/v2\/posts\/2269\/revisions"}],"predecessor-version":[{"id":2271,"href":"https:\/\/feiradiferente.com.br\/index.php\/wp-json\/wp\/v2\/posts\/2269\/revisions\/2271"}],"wp:featuredmedia":[{"embeddable":true,"href":"https:\/\/feiradiferente.com.br\/index.php\/wp-json\/wp\/v2\/media\/2270"}],"wp:attachment":[{"href":"https:\/\/feiradiferente.com.br\/index.php\/wp-json\/wp\/v2\/media?parent=2269"}],"wp:term":[{"taxonomy":"category","embeddable":true,"href":"https:\/\/feiradiferente.com.br\/index.php\/wp-json\/wp\/v2\/categories?post=2269"},{"taxonomy":"post_tag","embeddable":true,"href":"https:\/\/feiradiferente.com.br\/index.php\/wp-json\/wp\/v2\/tags?post=2269"}],"curies":[{"name":"wp","href":"https:\/\/api.w.org\/{rel}","templated":true}]}}