{"id":2272,"date":"2026-04-28T16:17:47","date_gmt":"2026-04-28T19:17:47","guid":{"rendered":"https:\/\/feiradiferente.com.br\/?p=2272"},"modified":"2026-04-28T16:17:47","modified_gmt":"2026-04-28T19:17:47","slug":"exposerrinha-2026-tera-mais-de-r-150-mil-em-premios-e-expectativa-de-grande-publico","status":"publish","type":"post","link":"https:\/\/feiradiferente.com.br\/index.php\/2026\/04\/28\/exposerrinha-2026-tera-mais-de-r-150-mil-em-premios-e-expectativa-de-grande-publico\/","title":{"rendered":"ExpoSerrinha 2026 ter\u00e1 mais de R$ 150 mil em pr\u00eamios e expectativa de grande p\u00fablico"},"content":{"rendered":"\n<p>A 7\u00aa edi\u00e7\u00e3o da ExpoSerrinha tem in\u00edcio nesta ter\u00e7a-feira (28) e segue at\u00e9 o dia 3 de maio, no Parque de Vaquejada Maria do Carmo, em Serrinha. Com entrada gratuita, o evento re\u00fane exposi\u00e7\u00e3o, comercializa\u00e7\u00e3o de animais e uma ampla programa\u00e7\u00e3o voltada ao fortalecimento do setor agropecu\u00e1rio.<\/p>\n\n\n\n<p>Considerada uma das principais feiras do segmento na regi\u00e3o, a ExpoSerrinha retorna neste ano ao local de origem, ap\u00f3s edi\u00e7\u00f5es realizadas em outros espa\u00e7os, como o estacionamento do Shopping Serrinha e a Arena Marian\u00e3o.<\/p>\n\n\n\n<p>De acordo com a organiza\u00e7\u00e3o, a edi\u00e7\u00e3o de 2026 contar\u00e1 com mais de R$ 150 mil em premia\u00e7\u00f5es. Desse total, R$ 100 mil ser\u00e3o destinados \u00e0s competi\u00e7\u00f5es de caprinos e ovinos, enquanto R$ 52 mil ser\u00e3o voltados \u00e0 1\u00aa Copa de Marcha, programada para o dia 1\u00ba de maio.<\/p>\n\n\n\n<p>A programa\u00e7\u00e3o inclui exposi\u00e7\u00e3o de animais de diversas ra\u00e7as \u2014 entre caprinos, ovinos, bovinos e equinos \u2014 al\u00e9m de leil\u00f5es, estandes comerciais e a tradicional Feira da Agricultura Familiar e Economia Solid\u00e1ria. O evento tamb\u00e9m contar\u00e1 com palestras t\u00e9cnicas, minicursos, apresenta\u00e7\u00f5es culturais e atra\u00e7\u00f5es musicais.<\/p>\n\n\n\n<p>Criada em 2018, a ExpoSerrinha tem expectativa de superar a marca de 900 animais expostos, atrair mais de 50 mil visitantes e movimentar milh\u00f5es em neg\u00f3cios ao longo dos seis dias de evento.<\/p>\n\n\n\n<p>Na edi\u00e7\u00e3o de 2025, a feira reuniu cerca de 850 animais, distribuiu R$ 65 mil em pr\u00eamios e gerou aproximadamente R$ 9 milh\u00f5es em neg\u00f3cios, al\u00e9m de contar com a participa\u00e7\u00e3o de 60 expositores na Feira da Agricultura Familiar.<br><\/p>\n\n\n\n<h3 class=\"wp-block-heading\">Programa\u00e7\u00e3o<\/h3>\n\n\n\n<p><strong>Ter\u00e7a-feira (28\/04):<\/strong><\/p>\n\n\n\n<ul>\n<li>Chegada e pesagem dos animais<\/li>\n<\/ul>\n\n\n\n<p><strong>Quarta-feira (29\/04):<\/strong><\/p>\n\n\n\n<ul>\n<li>8h \u2013 Caf\u00e9 da manh\u00e3 de abertura<\/li>\n\n\n\n<li>8h30 \u2013 Abertura da Tenda do Saber<\/li>\n\n\n\n<li>8h30 \u2013 Palestra do Banco do Nordeste: \u201cO cr\u00e9dito ao crescimento\u201d<\/li>\n\n\n\n<li>9h \u2013 Abertura dos estandes e exposi\u00e7\u00f5es de caprinos e ovinos<\/li>\n\n\n\n<li>9h \u2013 In\u00edcio da Feira da Agricultura Familiar e Economia Solid\u00e1ria<\/li>\n\n\n\n<li>10h30 \u2013 Palestra do IF Baiano sobre cria\u00e7\u00e3o de aves caipiras<\/li>\n\n\n\n<li>14h \u00e0s 17h \u2013 Encontro com prefeitos e secret\u00e1rios de agricultura do territ\u00f3rio do sisal<\/li>\n\n\n\n<li>18h \u2013 Apresenta\u00e7\u00e3o cultural da Escola Municipal Pl\u00ednio Carneiro<\/li>\n\n\n\n<li>18h30 \u2013 Abertura oficial da ExpoSerrinha 2026<\/li>\n\n\n\n<li>19h30 \u2013 Apresenta\u00e7\u00e3o cultural<\/li>\n<\/ul>\n\n\n\n<p><strong>Quinta-feira (30\/04):<\/strong><\/p>\n\n\n\n<ul>\n<li>7h30 \u2013 Abertura dos estandes e exposi\u00e7\u00f5es<\/li>\n\n\n\n<li>8h30 \u2013 Desfile e julgamento de caprinos e ovinos<\/li>\n\n\n\n<li>8h30 \u2013 Abertura da Tenda do Saber<\/li>\n\n\n\n<li>8h30 \u2013 Palestra da UFRB sobre controle de verminoses<\/li>\n\n\n\n<li>10h30 \u2013 Minicurso sobre agroecologia e agricultura familiar<\/li>\n\n\n\n<li>14h \u2013 Palestra da Adab sobre inspe\u00e7\u00e3o e zoonoses<\/li>\n\n\n\n<li>15h30 \u2013 Palestra do Sebrae sobre sucess\u00e3o familiar rural<\/li>\n\n\n\n<li>16h30 \u2013 Palestra sobre cultivo de palma (SDR)<\/li>\n\n\n\n<li>20h \u2013 Shows com K\u00e1tia e Adu\u00edlio, Ricardinho e Aarreio Dourado e John Santos<\/li>\n<\/ul>\n\n\n\n<p><strong>Sexta-feira (01\/05):<\/strong><\/p>\n\n\n\n<ul>\n<li>8h \u2013 Abertura dos estandes e exposi\u00e7\u00f5es<\/li>\n\n\n\n<li>8h \u2013 Desfile e julgamento de caprinos e ovinos<\/li>\n\n\n\n<li>8h \u2013 In\u00edcio da 1\u00aa Copa de Marcha<\/li>\n\n\n\n<li>8h \u2013 Leil\u00e3o de caprinos e ovinos<\/li>\n\n\n\n<li>20h \u2013 Shows com Renato Vilela, Gui Moreno e Kauan Lima<\/li>\n<\/ul>\n\n\n\n<p><strong>S\u00e1bado (02\/05):<\/strong><\/p>\n\n\n\n<ul>\n<li>8h \u2013 Abertura dos estandes e exposi\u00e7\u00f5es<\/li>\n\n\n\n<li>8h \u2013 Desfile e julgamento de caprinos e ovinos<\/li>\n\n\n\n<li>11h \u2013 Entrega de premia\u00e7\u00f5es e cerim\u00f4nia de encerramento<\/li>\n<\/ul>\n\n\n\n<p>A ExpoSerrinha segue como um dos principais eventos do calend\u00e1rio agropecu\u00e1rio do interior baiano, reunindo produtores, expositores e visitantes em um ambiente de neg\u00f3cios, conhecimento e entretenimento.<\/p>\n","protected":false},"excerpt":{"rendered":"<p>A 7\u00aa edi\u00e7\u00e3o da ExpoSerrinha tem in\u00edcio nesta ter\u00e7a-feira (28) e segue at\u00e9 o dia 3 de maio, no Parque de Vaquejada Maria do Carmo, em Serrinha. Com entrada gratuita, o evento re\u00fane exposi\u00e7\u00e3o, comercializa\u00e7\u00e3o de animais e uma ampla programa\u00e7\u00e3o voltada ao fortalecimento do setor agropecu\u00e1rio. Considerada uma das principais feiras do segmento na regi\u00e3o, a ExpoSerrinha retorna neste ano ao local de origem, ap\u00f3s edi\u00e7\u00f5es realizadas em outros espa\u00e7os, como o estacionamento do Shopping Serrinha e a Arena Marian\u00e3o. De acordo com a organiza\u00e7\u00e3o, a edi\u00e7\u00e3o de 2026 contar\u00e1 com mais de R$ 150 mil em premia\u00e7\u00f5es. Desse total, R$ 100 mil ser\u00e3o destinados \u00e0s competi\u00e7\u00f5es de caprinos e ovinos, enquanto R$ 52 mil ser\u00e3o voltados \u00e0 1\u00aa Copa de Marcha, programada para o dia 1\u00ba de maio. A programa\u00e7\u00e3o inclui exposi\u00e7\u00e3o de animais de diversas ra\u00e7as \u2014 entre caprinos, ovinos, bovinos e equinos \u2014 al\u00e9m de leil\u00f5es, estandes comerciais e a tradicional Feira da Agricultura Familiar e Economia Solid\u00e1ria. O evento tamb\u00e9m contar\u00e1 com palestras t\u00e9cnicas, minicursos, apresenta\u00e7\u00f5es culturais e atra\u00e7\u00f5es musicais. Criada em 2018, a ExpoSerrinha tem expectativa de superar a marca de 900 animais expostos, atrair mais de 50 mil visitantes e movimentar milh\u00f5es em neg\u00f3cios ao longo dos seis dias de evento. Na edi\u00e7\u00e3o de 2025, a feira reuniu cerca de 850 animais, distribuiu R$ 65 mil em pr\u00eamios e gerou aproximadamente R$ 9 milh\u00f5es em neg\u00f3cios, al\u00e9m de contar com a participa\u00e7\u00e3o de 60 expositores na Feira da Agricultura Familiar. Programa\u00e7\u00e3o Ter\u00e7a-feira (28\/04): Quarta-feira (29\/04): Quinta-feira (30\/04): Sexta-feira (01\/05): S\u00e1bado (02\/05): A ExpoSerrinha segue como um dos principais eventos do calend\u00e1rio agropecu\u00e1rio do interior baiano, reunindo produtores, expositores e visitantes em um ambiente de neg\u00f3cios, conhecimento e entretenimento.<\/p>\n","protected":false},"author":1,"featured_media":2273,"comment_status":"open","ping_status":"open","sticky":true,"template":"","format":"standard","meta":{"footnotes":""},"categories":[1,31],"tags":[35,87,33,55,46,36,47],"_links":{"self":[{"href":"https:\/\/feiradiferente.com.br\/index.php\/wp-json\/wp\/v2\/posts\/2272"}],"collection":[{"href":"https:\/\/feiradiferente.com.br\/index.php\/wp-json\/wp\/v2\/posts"}],"about":[{"href":"https:\/\/feiradiferente.com.br\/index.php\/wp-json\/wp\/v2\/types\/post"}],"author":[{"embeddable":true,"href":"https:\/\/feiradiferente.com.br\/index.php\/wp-json\/wp\/v2\/users\/1"}],"replies":[{"embeddable":true,"href":"https:\/\/feiradiferente.com.br\/index.php\/wp-json\/wp\/v2\/comments?post=2272"}],"version-history":[{"count":1,"href":"https:\/\/feiradiferente.com.br\/index.php\/wp-json\/wp\/v2\/posts\/2272\/revisions"}],"predecessor-version":[{"id":2274,"href":"https:\/\/feiradiferente.com.br\/index.php\/wp-json\/wp\/v2\/posts\/2272\/revisions\/2274"}],"wp:featuredmedia":[{"embeddable":true,"href":"https:\/\/feiradiferente.com.br\/index.php\/wp-json\/wp\/v2\/media\/2273"}],"wp:attachment":[{"href":"https:\/\/feiradiferente.com.br\/index.php\/wp-json\/wp\/v2\/media?parent=2272"}],"wp:term":[{"taxonomy":"category","embeddable":true,"href":"https:\/\/feiradiferente.com.br\/index.php\/wp-json\/wp\/v2\/categories?post=2272"},{"taxonomy":"post_tag","embeddable":true,"href":"https:\/\/feiradiferente.com.br\/index.php\/wp-json\/wp\/v2\/tags?post=2272"}],"curies":[{"name":"wp","href":"https:\/\/api.w.org\/{rel}","templated":true}]}}