{"id":2275,"date":"2026-04-29T14:23:50","date_gmt":"2026-04-29T17:23:50","guid":{"rendered":"https:\/\/feiradiferente.com.br\/?p=2275"},"modified":"2026-04-29T14:23:51","modified_gmt":"2026-04-29T17:23:51","slug":"feira-fc-lanca-manto-01-com-identidade-local-e-referencias-a-princesinha-do-sertao-para-temporada-2026","status":"publish","type":"post","link":"https:\/\/feiradiferente.com.br\/index.php\/2026\/04\/29\/feira-fc-lanca-manto-01-com-identidade-local-e-referencias-a-princesinha-do-sertao-para-temporada-2026\/","title":{"rendered":"Feira FC lan\u00e7a \u201cManto 01\u201d com identidade local e refer\u00eancias \u00e0 Princesinha do Sert\u00e3o para temporada 2026"},"content":{"rendered":"\n<p>O Feira Futebol Clube apresentou oficialmente o seu novo uniforme principal para a temporada 2026. Batizado de \u201cManto 01\u201d, o modelo chama aten\u00e7\u00e3o pelo design moderno aliado a elementos que refor\u00e7am a identidade local, homenageando Feira de Santana, conhecida como a \u201cPrincesinha do Sert\u00e3o\u201d.<\/p>\n\n\n\n<p>A camisa, predominantemente branca, traz detalhes em verde e grafismos sutis que remetem ao mapa urbano da cidade, simbolizando a conex\u00e3o entre o clube e suas ra\u00edzes. Al\u00e9m disso, elementos visuais presentes nas mangas e na gola refor\u00e7am a proposta de valorizar a cultura e a hist\u00f3ria feirense, criando uma pe\u00e7a que vai al\u00e9m do esporte e se posiciona como representa\u00e7\u00e3o da identidade local.<\/p>\n\n\n\n<p>Outro destaque \u00e9 a presen\u00e7a de refer\u00eancias arquitet\u00f4nicas e urbanas nos materiais de divulga\u00e7\u00e3o, que ajudam a contextualizar o uniforme dentro do cen\u00e1rio da cidade. A proposta do clube \u00e9 clara: unir futebol, pertencimento e orgulho regional em uma \u00fanica camisa.<\/p>\n\n\n\n<p>O lan\u00e7amento do Manto 01 acontece em um momento importante para o Feira Futebol Clube, que se prepara para iniciar sua trajet\u00f3ria na S\u00e9rie B do Campeonato Baiano. A estreia da equipe est\u00e1 marcada para o dia 2 de maio, na Arena Cajueiro, onde o time dar\u00e1 o pontap\u00e9 inicial na competi\u00e7\u00e3o estadual.<\/p>\n\n\n\n<p>Com uma identidade visual forte e carregada de significado, o novo uniforme chega como s\u00edmbolo de um projeto que busca consolidar o clube dentro e fora de campo, aproximando ainda mais o torcedor da hist\u00f3ria e da cultura de Feira de Santana.<\/p>\n","protected":false},"excerpt":{"rendered":"<p>O Feira Futebol Clube apresentou oficialmente o seu novo uniforme principal para a temporada 2026. Batizado de \u201cManto 01\u201d, o modelo chama aten\u00e7\u00e3o pelo design moderno aliado a elementos que refor\u00e7am a identidade local, homenageando Feira de Santana, conhecida como a \u201cPrincesinha do Sert\u00e3o\u201d. A camisa, predominantemente branca, traz detalhes em verde e grafismos sutis que remetem ao mapa urbano da cidade, simbolizando a conex\u00e3o entre o clube e suas ra\u00edzes. Al\u00e9m disso, elementos visuais presentes nas mangas e na gola refor\u00e7am a proposta de valorizar a cultura e a hist\u00f3ria feirense, criando uma pe\u00e7a que vai al\u00e9m do esporte e se posiciona como representa\u00e7\u00e3o da identidade local. Outro destaque \u00e9 a presen\u00e7a de refer\u00eancias arquitet\u00f4nicas e urbanas nos materiais de divulga\u00e7\u00e3o, que ajudam a contextualizar o uniforme dentro do cen\u00e1rio da cidade. A proposta do clube \u00e9 clara: unir futebol, pertencimento e orgulho regional em uma \u00fanica camisa. O lan\u00e7amento do Manto 01 acontece em um momento importante para o Feira Futebol Clube, que se prepara para iniciar sua trajet\u00f3ria na S\u00e9rie B do Campeonato Baiano. A estreia da equipe est\u00e1 marcada para o dia 2 de maio, na Arena Cajueiro, onde o time dar\u00e1 o pontap\u00e9 inicial na competi\u00e7\u00e3o estadual. Com uma identidade visual forte e carregada de significado, o novo uniforme chega como s\u00edmbolo de um projeto que busca consolidar o clube dentro e fora de campo, aproximando ainda mais o torcedor da hist\u00f3ria e da cultura de Feira de Santana.<\/p>\n","protected":false},"author":1,"featured_media":2276,"comment_status":"open","ping_status":"open","sticky":true,"template":"","format":"standard","meta":{"footnotes":""},"categories":[1,31],"tags":[35,87,88,33,106,36],"_links":{"self":[{"href":"https:\/\/feiradiferente.com.br\/index.php\/wp-json\/wp\/v2\/posts\/2275"}],"collection":[{"href":"https:\/\/feiradiferente.com.br\/index.php\/wp-json\/wp\/v2\/posts"}],"about":[{"href":"https:\/\/feiradiferente.com.br\/index.php\/wp-json\/wp\/v2\/types\/post"}],"author":[{"embeddable":true,"href":"https:\/\/feiradiferente.com.br\/index.php\/wp-json\/wp\/v2\/users\/1"}],"replies":[{"embeddable":true,"href":"https:\/\/feiradiferente.com.br\/index.php\/wp-json\/wp\/v2\/comments?post=2275"}],"version-history":[{"count":1,"href":"https:\/\/feiradiferente.com.br\/index.php\/wp-json\/wp\/v2\/posts\/2275\/revisions"}],"predecessor-version":[{"id":2277,"href":"https:\/\/feiradiferente.com.br\/index.php\/wp-json\/wp\/v2\/posts\/2275\/revisions\/2277"}],"wp:featuredmedia":[{"embeddable":true,"href":"https:\/\/feiradiferente.com.br\/index.php\/wp-json\/wp\/v2\/media\/2276"}],"wp:attachment":[{"href":"https:\/\/feiradiferente.com.br\/index.php\/wp-json\/wp\/v2\/media?parent=2275"}],"wp:term":[{"taxonomy":"category","embeddable":true,"href":"https:\/\/feiradiferente.com.br\/index.php\/wp-json\/wp\/v2\/categories?post=2275"},{"taxonomy":"post_tag","embeddable":true,"href":"https:\/\/feiradiferente.com.br\/index.php\/wp-json\/wp\/v2\/tags?post=2275"}],"curies":[{"name":"wp","href":"https:\/\/api.w.org\/{rel}","templated":true}]}}