{"id":2278,"date":"2026-04-29T14:59:47","date_gmt":"2026-04-29T17:59:47","guid":{"rendered":"https:\/\/feiradiferente.com.br\/?p=2278"},"modified":"2026-04-29T14:59:47","modified_gmt":"2026-04-29T17:59:47","slug":"prefeitura-divulga-lista-de-aprovados-em-processo-seletivo-com-111-vagas-em-conceicao-do-jacuipe","status":"publish","type":"post","link":"https:\/\/feiradiferente.com.br\/index.php\/2026\/04\/29\/prefeitura-divulga-lista-de-aprovados-em-processo-seletivo-com-111-vagas-em-conceicao-do-jacuipe\/","title":{"rendered":"Prefeitura divulga lista de aprovados em processo seletivo com 111 vagas em Concei\u00e7\u00e3o do Jacu\u00edpe"},"content":{"rendered":"\n<p>A Prefeitura de Concei\u00e7\u00e3o do Jacu\u00edpe, munic\u00edpio localizado a cerca de 27 quil\u00f4metros de Feira de Santana, divulgou a lista dos candidatos aprovados no processo seletivo simplificado para contrata\u00e7\u00e3o tempor\u00e1ria na rede municipal. A rela\u00e7\u00e3o foi publicada na ter\u00e7a-feira (28), por meio do Di\u00e1rio Oficial do Munic\u00edpio (DOM).<\/p>\n\n\n\n<p>De acordo com a convoca\u00e7\u00e3o, os candidatos aprovados devem comparecer at\u00e9 o dia 4 de maio ao Setor Pessoal da sede da Prefeitura, no hor\u00e1rio das 8h \u00e0s 13h, para a formaliza\u00e7\u00e3o da contrata\u00e7\u00e3o.<\/p>\n\n\n\n<p>Para assumir os cargos, \u00e9 necess\u00e1rio apresentar documenta\u00e7\u00e3o completa, incluindo originais e c\u00f3pias de documentos como RG, CPF, Carteira de Trabalho (CTPS), t\u00edtulo de eleitor com comprovante de quita\u00e7\u00e3o, n\u00famero do PIS\/PASEP, comprovante de resid\u00eancia, al\u00e9m de certificado de reservista (para homens), certid\u00e3o de casamento ou uni\u00e3o est\u00e1vel (quando aplic\u00e1vel), certid\u00e3o de nascimento dos filhos, declara\u00e7\u00e3o de n\u00e3o ac\u00famulo de cargo p\u00fablico, comprovante de escolaridade e relat\u00f3rio m\u00e9dico que ateste aptid\u00e3o f\u00edsica e mental.<\/p>\n\n\n\n<p>O processo seletivo ofertou 111 vagas tempor\u00e1rias para profissionais de n\u00edveis fundamental, m\u00e9dio e superior. Do total, 20 oportunidades foram destinadas a cargos de n\u00edvel superior na \u00e1rea da educa\u00e7\u00e3o, como coordenador pedag\u00f3gico e psicopedagogo, com sal\u00e1rios que podem chegar a R$ 4.867,77. As demais 91 vagas contemplam fun\u00e7\u00f5es de n\u00edveis fundamental e m\u00e9dio, como auxiliar administrativo, ajudante de turma, porteiro e auxiliar de servi\u00e7os gerais, com remunera\u00e7\u00e3o de R$ 1.621.<\/p>\n\n\n\n<p>O cargo com maior n\u00famero de vagas foi o de ajudante de turma, com 48 oportunidades dispon\u00edveis. A sele\u00e7\u00e3o foi realizada por meio de an\u00e1lise curricular e entrevistas.<\/p>\n\n\n\n<p>Os editais tamb\u00e9m previram pol\u00edticas de inclus\u00e3o, com reserva de 20% das vagas para candidatos negros e 5% para pessoas com defici\u00eancia. Os contratos ter\u00e3o dura\u00e7\u00e3o de at\u00e9 um ano, podendo ser prorrogados por igual per\u00edodo.<\/p>\n","protected":false},"excerpt":{"rendered":"<p>A Prefeitura de Concei\u00e7\u00e3o do Jacu\u00edpe, munic\u00edpio localizado a cerca de 27 quil\u00f4metros de Feira de Santana, divulgou a lista dos candidatos aprovados no processo seletivo simplificado para contrata\u00e7\u00e3o tempor\u00e1ria na rede municipal. A rela\u00e7\u00e3o foi publicada na ter\u00e7a-feira (28), por meio do Di\u00e1rio Oficial do Munic\u00edpio (DOM). De acordo com a convoca\u00e7\u00e3o, os candidatos aprovados devem comparecer at\u00e9 o dia 4 de maio ao Setor Pessoal da sede da Prefeitura, no hor\u00e1rio das 8h \u00e0s 13h, para a formaliza\u00e7\u00e3o da contrata\u00e7\u00e3o. Para assumir os cargos, \u00e9 necess\u00e1rio apresentar documenta\u00e7\u00e3o completa, incluindo originais e c\u00f3pias de documentos como RG, CPF, Carteira de Trabalho (CTPS), t\u00edtulo de eleitor com comprovante de quita\u00e7\u00e3o, n\u00famero do PIS\/PASEP, comprovante de resid\u00eancia, al\u00e9m de certificado de reservista (para homens), certid\u00e3o de casamento ou uni\u00e3o est\u00e1vel (quando aplic\u00e1vel), certid\u00e3o de nascimento dos filhos, declara\u00e7\u00e3o de n\u00e3o ac\u00famulo de cargo p\u00fablico, comprovante de escolaridade e relat\u00f3rio m\u00e9dico que ateste aptid\u00e3o f\u00edsica e mental. O processo seletivo ofertou 111 vagas tempor\u00e1rias para profissionais de n\u00edveis fundamental, m\u00e9dio e superior. Do total, 20 oportunidades foram destinadas a cargos de n\u00edvel superior na \u00e1rea da educa\u00e7\u00e3o, como coordenador pedag\u00f3gico e psicopedagogo, com sal\u00e1rios que podem chegar a R$ 4.867,77. As demais 91 vagas contemplam fun\u00e7\u00f5es de n\u00edveis fundamental e m\u00e9dio, como auxiliar administrativo, ajudante de turma, porteiro e auxiliar de servi\u00e7os gerais, com remunera\u00e7\u00e3o de R$ 1.621. O cargo com maior n\u00famero de vagas foi o de ajudante de turma, com 48 oportunidades dispon\u00edveis. A sele\u00e7\u00e3o foi realizada por meio de an\u00e1lise curricular e entrevistas. Os editais tamb\u00e9m previram pol\u00edticas de inclus\u00e3o, com reserva de 20% das vagas para candidatos negros e 5% para pessoas com defici\u00eancia. Os contratos ter\u00e3o dura\u00e7\u00e3o de at\u00e9 um ano, podendo ser prorrogados por igual per\u00edodo.<\/p>\n","protected":false},"author":1,"featured_media":2279,"comment_status":"open","ping_status":"open","sticky":true,"template":"","format":"standard","meta":{"footnotes":""},"categories":[1,31],"tags":[35,33,46,36],"_links":{"self":[{"href":"https:\/\/feiradiferente.com.br\/index.php\/wp-json\/wp\/v2\/posts\/2278"}],"collection":[{"href":"https:\/\/feiradiferente.com.br\/index.php\/wp-json\/wp\/v2\/posts"}],"about":[{"href":"https:\/\/feiradiferente.com.br\/index.php\/wp-json\/wp\/v2\/types\/post"}],"author":[{"embeddable":true,"href":"https:\/\/feiradiferente.com.br\/index.php\/wp-json\/wp\/v2\/users\/1"}],"replies":[{"embeddable":true,"href":"https:\/\/feiradiferente.com.br\/index.php\/wp-json\/wp\/v2\/comments?post=2278"}],"version-history":[{"count":1,"href":"https:\/\/feiradiferente.com.br\/index.php\/wp-json\/wp\/v2\/posts\/2278\/revisions"}],"predecessor-version":[{"id":2280,"href":"https:\/\/feiradiferente.com.br\/index.php\/wp-json\/wp\/v2\/posts\/2278\/revisions\/2280"}],"wp:featuredmedia":[{"embeddable":true,"href":"https:\/\/feiradiferente.com.br\/index.php\/wp-json\/wp\/v2\/media\/2279"}],"wp:attachment":[{"href":"https:\/\/feiradiferente.com.br\/index.php\/wp-json\/wp\/v2\/media?parent=2278"}],"wp:term":[{"taxonomy":"category","embeddable":true,"href":"https:\/\/feiradiferente.com.br\/index.php\/wp-json\/wp\/v2\/categories?post=2278"},{"taxonomy":"post_tag","embeddable":true,"href":"https:\/\/feiradiferente.com.br\/index.php\/wp-json\/wp\/v2\/tags?post=2278"}],"curies":[{"name":"wp","href":"https:\/\/api.w.org\/{rel}","templated":true}]}}